{"id":61101,"date":"2026-02-17T11:53:07","date_gmt":"2026-02-17T10:53:07","guid":{"rendered":"https:\/\/staging.interreg.eurocastaliahost4.com\/?post_type=noticia-proyecto&#038;p=61101"},"modified":"2026-03-23T12:38:17","modified_gmt":"2026-03-23T11:38:17","slug":"entrevista-10-perguntas-para-a-amaya","status":"publish","type":"noticia-proyecto","link":"https:\/\/staging.interreg.eurocastaliahost4.com\/pt-pt\/noticia-proyecto\/entrevista-10-perguntas-para-a-amaya\/","title":{"rendered":"Entrevista: 10 perguntas \u00e0 AMAYA"},"content":{"rendered":"<h2>Esta sec\u00e7\u00e3o tem por objetivo apresentar cada benefici\u00e1rio, explicar o seu setor e descrever o seu trabalho no \u00e2mbito do projeto. Hoje \u00e9 a vez de Khalid Fahd Draissi, da AMAYA \u2013 Ag\u00eancia de Meio Ambiente e \u00c1gua da Andaluzia.<\/h2>\n<h3>O que \u00e9 a AMAYA?<\/h3>\n<p>A <a href=\"https:\/\/www.juntadeandalucia.es\/organismos\/amaya.html\" target=\"_blank\" rel=\"noopener\">Ag\u00eancia de Meio Ambiente e \u00c1gua da Andaluzia (AMAYA)<\/a> \u00e9 um meio pr\u00f3prio da Junta da Andaluzia respons\u00e1vel pela execu\u00e7\u00e3o e gest\u00e3o das pol\u00edticas p\u00fablicas relativas ao ambiente, \u00e0 \u00e1gua e ao desenvolvimento sustent\u00e1vel no \u00e2mbito da comunidade aut\u00f3noma da Andaluzia (Espanha).<\/p>\n<p>A sua <strong>miss\u00e3o principal \u00e9 proteger, conservar, regenerar e melhorar o meio natural e os recursos h\u00eddricos do territ\u00f3rio andaluz<\/strong>, atrav\u00e9s da aplica\u00e7\u00e3o de programas, planos e projetos t\u00e9cnicos. Entre as suas atribui\u00e7\u00f5es destacam-se a gest\u00e3o da qualidade da \u00e1gua e do ar, a conserva\u00e7\u00e3o da biodiversidade e dos espa\u00e7os naturais, a preven\u00e7\u00e3o e o controlo de inc\u00eandios florestais, o desenvolvimento sustent\u00e1vel do territ\u00f3rio, bem como a produ\u00e7\u00e3o e disponibiliza\u00e7\u00e3o de informa\u00e7\u00e3o e dados ambientais.<\/p>\n<p>No dom\u00ednio da gest\u00e3o da \u00e1gua, a AMAYA atua como organismo t\u00e9cnico e operacional da Junta da Andaluzia, desenvolvendo e executando interven\u00e7\u00f5es relacionadas com o ciclo urbano da \u00e1gua. De forma geral, \u00e9 respons\u00e1vel pelo acompanhamento e controlo da qualidade das \u00e1guas, pela explora\u00e7\u00e3o e manuten\u00e7\u00e3o das infraestruturas hidr\u00e1ulicas e pela aplica\u00e7\u00e3o de medidas destinadas a garantir uma utiliza\u00e7\u00e3o eficiente e sustent\u00e1vel da \u00e1gua, compat\u00edvel com a prote\u00e7\u00e3o do ambiente, especialmente num contexto de escassez h\u00eddrica como o da Andaluzia.<\/p>\n<p>No que respeita ao tratamento de \u00e1guas residuais, a AMAYA desempenha fun\u00e7\u00f5es de gest\u00e3o, apoio t\u00e9cnico e controlo dos sistemas de tratamento, assegurando o correto funcionamento das esta\u00e7\u00f5es de tratamento de \u00e1guas residuais (ETAR) e o cumprimento da legisla\u00e7\u00e3o ambiental em vigor. Participa igualmente na melhoria dos processos de tratamento e na promo\u00e7\u00e3o da reutiliza\u00e7\u00e3o de \u00e1guas tratadas para diversos fins, como a rega agr\u00edcola, usos urbanos ou ambientais, contribuindo para reduzir a press\u00e3o sobre os recursos h\u00eddricos naturais.<\/p>\n<p>Em suma, a Ag\u00eancia de Meio Ambiente e \u00c1gua da Andaluzia \u00e9 um <a href=\"https:\/\/staging.interreg.eurocastaliahost4.com\/pt-pt\/noticia-proyecto\/descarga-ya-el-informe-identificacion-de-los-actores-involucrados-y-necesidades-de-calidad-del-agua\/\" target=\"_blank\" rel=\"noopener\">organismo fundamental para traduzir as pol\u00edticas p\u00fablicas ambientais e h\u00eddricas em a\u00e7\u00f5es concretas<\/a>, desempenhando um papel essencial na gest\u00e3o sustent\u00e1vel da \u00e1gua e no desenvolvimento de iniciativas relacionadas com o tratamento e a reutiliza\u00e7\u00e3o de \u00e1guas residuais.<\/p>\n<div style=\"width: 800px;\" class=\"wp-video\"><video class=\"wp-video-shortcode\" id=\"video-61101-1\" width=\"800\" height=\"451\" preload=\"metadata\" controls=\"controls\"><source type=\"video\/mp4\" src=\"https:\/\/staging.interreg.eurocastaliahost4.com\/wp-content\/uploads\/2026\/02\/DESCUBRE-AMAYA.mp4?_=1\" \/><a href=\"https:\/\/staging.interreg.eurocastaliahost4.com\/wp-content\/uploads\/2026\/02\/DESCUBRE-AMAYA.mp4\">https:\/\/staging.interreg.eurocastaliahost4.com\/wp-content\/uploads\/2026\/02\/DESCUBRE-AMAYA.mp4<\/a><\/video><\/div>\n<h3>H\u00e1 quanto tempo trabalhas na AMAYA e qual tem sido o teu percurso e o teu papel na institui\u00e7\u00e3o?<\/h3>\n<p data-start=\"0\" data-end=\"267\">Integrei a AMAYA a 1 de janeiro de 2023. Anteriormente, fiz parte do quadro de pessoal do Centro de las Nuevas Tecnolog\u00edas del Agua (CENTA) desde 1 de abril de 2000 at\u00e9 31 de dezembro de 2022, data em que o CENTA foi extinto e o seu pessoal passou a integrar a AMAYA.<\/p>\n<p data-start=\"269\" data-end=\"606\" data-is-last-node=\"\" data-is-only-node=\"\">Durante os meus primeiros catorze anos no CENTA,<strong> trabalhei no \u00e2mbito de um programa de transfer\u00eancia tecnol\u00f3gica na \u00e1rea da \u00e1gua entre a Andaluzia, \u00c1frica e o Pr\u00f3ximo Oriente<\/strong>. Posteriormente, integrei a \u00e1rea de investiga\u00e7\u00e3o. Desde 2023, exer\u00e7o fun\u00e7\u00f5es na Dire\u00e7\u00e3o de Gest\u00e3o da \u00c1gua e Qualidade Ambiental da AMAYA como investigador s\u00e9nior.<\/p>\n<p data-start=\"269\" data-end=\"606\" data-is-last-node=\"\" data-is-only-node=\"\"><img decoding=\"async\" class=\"size-medium wp-image-61065 alignright\" src=\"https:\/\/staging.interreg.eurocastaliahost4.com\/wp-content\/uploads\/2026\/02\/AMAYA_para_web-01-300x114.png\" alt=\"\" width=\"300\" height=\"114\" srcset=\"https:\/\/staging.interreg.eurocastaliahost4.com\/wp-content\/uploads\/2026\/02\/AMAYA_para_web-01-300x114.png 300w, https:\/\/staging.interreg.eurocastaliahost4.com\/wp-content\/uploads\/2026\/02\/AMAYA_para_web-01-1024x388.png 1024w, https:\/\/staging.interreg.eurocastaliahost4.com\/wp-content\/uploads\/2026\/02\/AMAYA_para_web-01-768x291.png 768w, https:\/\/staging.interreg.eurocastaliahost4.com\/wp-content\/uploads\/2026\/02\/AMAYA_para_web-01-1536x582.png 1536w, https:\/\/staging.interreg.eurocastaliahost4.com\/wp-content\/uploads\/2026\/02\/AMAYA_para_web-01.png 1980w\" sizes=\"(max-width: 300px) 100vw, 300px\" \/><\/p>\n<h3 data-start=\"53\" data-end=\"97\">O que \u00e9 que mais gostas no teu trabalho?<\/h3>\n<p data-start=\"0\" data-end=\"546\">Grande parte do meu percurso profissional tem sido dedicada \u00e0 coopera\u00e7\u00e3o internacional, atrav\u00e9s de um programa de transfer\u00eancia tecnol\u00f3gica na \u00e1rea da \u00e1gua entre a Andaluzia, o Norte de \u00c1frica, a \u00c1frica Subsaariana e o Pr\u00f3ximo Oriente. Durante mais de uma d\u00e9cada, trabalhei em regi\u00f5es de clima semi\u00e1rido a \u00e1rido, onde a escassez de recursos h\u00eddricos \u00e9 particularmente acentuada. Ap\u00f3s essa fase da minha vida profissional, regressei \u00e0 \u00e1rea da investiga\u00e7\u00e3o no dom\u00ednio do tratamento, regenera\u00e7\u00e3o e reutiliza\u00e7\u00e3o de \u00e1guas residuais para rega agr\u00edcola.<\/p>\n<p data-start=\"548\" data-end=\"912\"><strong>A minha experi\u00eancia profissional permitiu-me compreender, de forma direta, a import\u00e2ncia de restituir \u00e0 \u00e1gua a sua qualidade ap\u00f3s a utiliza\u00e7\u00e3o, para que possa ser reutilizada de forma segura e eficiente<\/strong>. Este processo s\u00f3 \u00e9 poss\u00edvel gra\u00e7as a uma investiga\u00e7\u00e3o cont\u00ednua no setor, que disponibiliza solu\u00e7\u00f5es sustent\u00e1veis e eficazes para a gest\u00e3o dos recursos h\u00eddricos.<\/p>\n<p data-start=\"914\" data-end=\"1291\" data-is-last-node=\"\" data-is-only-node=\"\">Al\u00e9m disso, o meu trabalho constitui uma fonte de motiva\u00e7\u00e3o pessoal e profissional. \u00c9 particularmente gratificante contribuir para a melhoria da gest\u00e3o da \u00e1gua e para o desenvolvimento de solu\u00e7\u00f5es sustent\u00e1veis com impacto real em territ\u00f3rios com limita\u00e7\u00f5es h\u00eddricas. \u00c9 esta convic\u00e7\u00e3o que sustenta o meu compromisso cont\u00ednuo com a investiga\u00e7\u00e3o e a coopera\u00e7\u00e3o no dom\u00ednio da \u00e1gua.<\/p>\n<div class=\"flex flex-col text-sm pb-25\">\n<article class=\"text-token-text-primary w-full focus:outline-none [--shadow-height:45px] has-data-writing-block:pointer-events-none has-data-writing-block:-mt-(--shadow-height) has-data-writing-block:pt-(--shadow-height) [&amp;:has([data-writing-block])&gt;*]:pointer-events-auto scroll-mt-[calc(var(--header-height)+min(200px,max(70px,20svh)))]\" dir=\"auto\" tabindex=\"-1\" data-turn-id=\"request-WEB:7a5e30c0-5977-469e-ac22-b1aeb14063d9-34\" data-testid=\"conversation-turn-70\" data-scroll-anchor=\"true\" data-turn=\"assistant\">\n<div class=\"text-base my-auto mx-auto pb-10 [--thread-content-margin:--spacing(4)] @w-sm\/main:[--thread-content-margin:--spacing(6)] @w-lg\/main:[--thread-content-margin:--spacing(16)] px-(--thread-content-margin)\">\n<div class=\"[--thread-content-max-width:40rem] @w-lg\/main:[--thread-content-max-width:48rem] mx-auto max-w-(--thread-content-max-width) flex-1 group\/turn-messages focus-visible:outline-hidden relative flex w-full min-w-0 flex-col agent-turn\" tabindex=\"-1\">\n<div class=\"flex max-w-full flex-col grow\">\n<div class=\"min-h-8 text-message relative flex w-full flex-col items-end gap-2 text-start break-words whitespace-normal [.text-message+&amp;]:mt-1\" dir=\"auto\" data-message-author-role=\"assistant\" data-message-id=\"b2f683c1-79c6-4b39-8e9d-e4c2e544ba83\" data-message-model-slug=\"gpt-5-2\">\n<div class=\"flex w-full flex-col gap-1 empty:hidden first:pt-[1px]\">\n<div class=\"markdown prose dark:prose-invert w-full wrap-break-word light markdown-new-styling\">\n<h3 data-start=\"135\" data-end=\"201\">Trata-se do primeiro projeto europeu em que a AMAYA participa?<\/h3>\n<\/div>\n<\/div>\n<\/div>\n<\/div>\n<div class=\"z-0 flex min-h-[46px] justify-start\">\n<p data-start=\"0\" data-end=\"242\">A AMAYA participa de forma muito ativa em diversos projetos europeus centrados na investiga\u00e7\u00e3o de diferentes vertentes (t\u00e9cnicas, operacionais e de governa\u00e7\u00e3o, entre outras) relacionadas com <a href=\"https:\/\/staging.interreg.eurocastaliahost4.com\/pt-pt\/noticia-proyecto\/descarga-ya-el-estudio-de-diferentes-esquemas-para-el-tratamiento-de-aguas-residuales\/\" target=\"_blank\" rel=\"noopener\">o tratamento e a reutiliza\u00e7\u00e3o de \u00e1guas residuais<\/a>.<\/p>\n<p data-start=\"244\" data-end=\"519\" data-is-last-node=\"\" data-is-only-node=\"\">S\u00f3 nos \u00faltimos tr\u00eas anos, e para al\u00e9m do projeto SOLLAGUA, a AMAYA participa ativamente nos seguintes projetos: MENAWARA (ENI CBC MED); LIFE-INTEXT (LIFE); NATMED (PRIMA); SARASWATI 2.0 (H2020); I-REWATER (INTERREG SUDOE); TARGET (INTERREG SUDOE) e AQUACARE (INTERREG SUDOE).<\/p>\n<h3 data-start=\"244\" data-end=\"519\">Qual \u00e9 o interesse do SOLLAGUA para a AMAYA?<\/h3>\n<\/div>\n<div class=\"mt-3 w-full empty:hidden\">\n<p>O projeto SOLLAGUA revela-se particularmente relevante para a AMAYA pela sua clara articula\u00e7\u00e3o com a sua miss\u00e3o de proteger e valorizar o meio natural e de assegurar uma gest\u00e3o sustent\u00e1vel e eficiente dos recursos h\u00eddricos na Andaluzia. Num contexto de crescente escassez h\u00eddrica, agravado pelo car\u00e1ter semi\u00e1rido do territ\u00f3rio e pelos efeitos das altera\u00e7\u00f5es clim\u00e1ticas, o SOLLAGUA responde de forma direta a alguns dos principais desafios que se colocam \u00e0 gest\u00e3o da \u00e1gua na regi\u00e3o.<\/p>\n<p>Em particular,<a href=\"https:\/\/staging.interreg.eurocastaliahost4.com\/pt-pt\/noticia-proyecto\/descarga-ya-la-publicacion-informe-estrategico-sobre-el-despliegue-a-largo-plazo-de-las-sbn\/\"> a abordagem do projeto assente na reutiliza\u00e7\u00e3o da \u00e1gua atrav\u00e9s de Solu\u00e7\u00f5es Baseadas na Natureza (SBN) enquadra-se plenamente nas compet\u00eancias da AMAYA<\/a> no dom\u00ednio do tratamento de \u00e1guas residuais, da melhoria dos processos de depura\u00e7\u00e3o e da promo\u00e7\u00e3o da utiliza\u00e7\u00e3o de \u00e1guas regeneradas para diferentes fins. A aplica\u00e7\u00e3o destas solu\u00e7\u00f5es inovadoras permite avan\u00e7ar para modelos de gest\u00e3o da \u00e1gua mais resilientes, sustent\u00e1veis e compat\u00edveis com a prote\u00e7\u00e3o do ambiente, contribuindo simultaneamente para reduzir a press\u00e3o sobre os recursos h\u00eddricos naturais.<\/p>\n<p>Al\u00e9m disso, a participa\u00e7\u00e3o no SOLLAGUA proporciona \u00e0 AMAYA a oportunidade de refor\u00e7ar o seu papel enquanto organismo t\u00e9cnico e operacional, promovendo a troca de experi\u00eancias e de boas pr\u00e1ticas com outros territ\u00f3rios do espa\u00e7o SUDOE e participando no desenvolvimento e valida\u00e7\u00e3o de estrat\u00e9gias de gest\u00e3o sustent\u00e1vel da \u00e1gua em meio rural. Tudo isto contribui para refor\u00e7ar a capacidade de adapta\u00e7\u00e3o \u00e0s altera\u00e7\u00f5es clim\u00e1ticas, assegurar um abastecimento de \u00e1gua mais est\u00e1vel e gerar benef\u00edcios ambientais adicionais, em conson\u00e2ncia com os objetivos estrat\u00e9gicos da AMAYA.<\/p>\n<h3>Qual \u00e9 a miss\u00e3o da AMAYA no projeto SOLLAGUA?<\/h3>\n<p><span style=\"font-size: 16px;\">Exercer uma lideran\u00e7a t\u00e9cnica e dinamizadora, coordenando as atividades 2.4 e 3.1 e disponibilizando a sua <\/span><a style=\"font-size: 16px;\" href=\"https:\/\/staging.interreg.eurocastaliahost4.com\/pt-pt\/noticia-proyecto\/descarga-ya-la-publicacion-informe-estrategico-sobre-el-despliegue-a-largo-plazo-de-las-sbn\/\" target=\"_blank\" rel=\"noopener\">experi\u00eancia consolidada no tratamento e reutiliza\u00e7\u00e3o de \u00e1guas residuais atrav\u00e9s de Solu\u00e7\u00f5es Baseadas na Natureza (SBN)<\/a><span style=\"font-size: 16px;\">.<\/span><\/p>\n<\/div>\n<\/div>\n<\/div>\n<\/article>\n<\/div>\n<div class=\"pointer-events-none h-px w-px absolute bottom-0\" aria-hidden=\"true\" data-edge=\"true\">\n<p>Contribui igualmente de forma ativa para a <a href=\"https:\/\/staging.interreg.eurocastaliahost4.com\/pt-pt\/noticia-proyecto\/faca-ja-o-download-da-estrategia-para-a-implementacao-de-laboratorios-vivos-orientados-para-a-gestao-sustentavel-da-agua\/\" target=\"_blank\" rel=\"noopener\">conce\u00e7\u00e3o e implementa\u00e7\u00e3o dos Living Labs<\/a>, integrando a experi\u00eancia do seu pr\u00f3prio Living Lab, operacional h\u00e1 v\u00e1rios anos, presta apoio t\u00e9cnico transversal ao conjunto das atividades do projeto e desempenha um papel relevante na divulga\u00e7\u00e3o e valoriza\u00e7\u00e3o dos seus resultados, com o objetivo de assegurar a correta implementa\u00e7\u00e3o das solu\u00e7\u00f5es inovadoras e a sua efetiva transfer\u00eancia para o territ\u00f3rio.<\/p>\n<h3>Em que est\u00e3o atualmente envolvidos?<\/h3>\n<p data-start=\"0\" data-end=\"443\">A AMAYA lidera e coordena atualmente a atividade dedicada \u00e0 defini\u00e7\u00e3o da localiza\u00e7\u00e3o dos demonstradores nas tr\u00eas regi\u00f5es abrangidas pelo projeto, bem como \u00e0 sele\u00e7\u00e3o da Solu\u00e7\u00e3o Baseada na Natureza (SBN) a implementar em cada caso. Para tal, procede \u00e0 recolha da informa\u00e7\u00e3o necess\u00e1ria e orienta o respetivo processo de an\u00e1lise, assegurando uma tomada de decis\u00e3o fundamentada e coerente com os objetivos do projeto.<\/p>\n<p data-start=\"445\" data-end=\"648\">Paralelamente, a AMAYA participa de forma muito ativa na <a href=\"https:\/\/staging.interreg.eurocastaliahost4.com\/pt-pt\/noticia-proyecto\/faca-ja-o-download-da-estrategia-para-a-implementacao-de-laboratorios-vivos-orientados-para-a-gestao-sustentavel-da-agua\/\">defini\u00e7\u00e3o de uma estrat\u00e9gia para a implementa\u00e7\u00e3o de Living Labs orientados para a promo\u00e7\u00e3o de SBN<\/a> destinadas \u00e0 reutiliza\u00e7\u00e3o da \u00e1gua em meio rural.<\/p>\n<p data-start=\"650\" data-end=\"910\" data-is-last-node=\"\" data-is-only-node=\"\">Al\u00e9m disso, a AMAYA presta apoio t\u00e9cnico transversal aos coordenadores das restantes atividades do projeto, contribuindo para o cumprimento dos respetivos objetivos e assegurando a coer\u00eancia e o alinhamento global das a\u00e7\u00f5es desenvolvidas no \u00e2mbito do SOLLAGUA.<\/p>\n<\/div>\n<h3 data-start=\"269\" data-end=\"606\">Quais s\u00e3o os principais desafios que enfrentam atualmente?<\/h3>\n<p>Nesta fase do projeto, a AMAYA enfrenta sobretudo o desafio de consolidar todo o trabalho que tem vindo a desenvolver e de o traduzir num resultado tang\u00edvel e \u00fatil. Um dos principais desafios consiste em <a href=\"https:\/\/www.youtube.com\/watch?v=6Lh_D8B_KL4\">concluir adequadamente a adapta\u00e7\u00e3o do seu Living Lab<\/a>, de modo que n\u00e3o seja apenas um espa\u00e7o expositivo, mas uma verdadeira ferramenta demonstrativa que permita evidenciar, de forma pr\u00e1tica, o potencial das Solu\u00e7\u00f5es Baseadas na Natureza (SBN).<\/p>\n<p>Simultaneamente, a AMAYA deve assegurar que as atividades que lidera no \u00e2mbito do SOLLAGUA atinjam os objetivos t\u00e9cnicos e estrat\u00e9gicos definidos, garantindo que as solu\u00e7\u00f5es implementadas sejam funcionais, replic\u00e1veis e geradoras de valor real. A isto acresce a necessidade de refor\u00e7ar a divulga\u00e7\u00e3o e a transfer\u00eancia de conhecimento, bem como de assegurar a continuidade dos resultados alcan\u00e7ados, para que o impacto do projeto se mantenha para al\u00e9m da sua conclus\u00e3o formal.<\/p>\n<h3>Quais s\u00e3o as principais conclus\u00f5es at\u00e9 agora?<\/h3>\n<p data-start=\"0\" data-end=\"474\">Relativamente \u00e0s atividades desenvolvidas at\u00e9 \u00e0 data pela AMAYA, conclui-se que as <strong>Solu\u00e7\u00f5es Baseadas na Natureza (SBN) constituem sistemas eficazes e robustos para o tratamento e a reutiliza\u00e7\u00e3o de \u00e1guas residuais em meio rural<\/strong>. Destacam-se pelo seu baixo consumo energ\u00e9tico, pelos menores custos de opera\u00e7\u00e3o e manuten\u00e7\u00e3o e pelos benef\u00edcios ambientais adicionais que proporcionam, como a melhoria da biodiversidade e a contribui\u00e7\u00e3o para a mitiga\u00e7\u00e3o das altera\u00e7\u00f5es clim\u00e1ticas.<\/p>\n<p data-start=\"476\" data-end=\"1162\" data-is-last-node=\"\" data-is-only-node=\"\">No entanto, <a href=\"https:\/\/staging.interreg.eurocastaliahost4.com\/pt-pt\/noticia-proyecto\/descarga-ya-la-publicacion-informe-estrategico-sobre-el-despliegue-a-largo-plazo-de-las-sbn\/\" target=\"_blank\" rel=\"noopener\">a sua ado\u00e7\u00e3o continua limitada por diversas barreiras de natureza t\u00e9cnica, regulamentar, financeira e sociocultural<\/a>, entre as quais se incluem a carga burocr\u00e1tica, a aus\u00eancia de incentivos espec\u00edficos, a reduzida coordena\u00e7\u00e3o institucional e o conhecimento insuficiente de casos de sucesso. Para ultrapassar estes obst\u00e1culos, torna-se necess\u00e1rio promover estrat\u00e9gias integradas que contemplem a melhoria do enquadramento normativo, a cria\u00e7\u00e3o de incentivos econ\u00f3micos, o refor\u00e7o da capacita\u00e7\u00e3o t\u00e9cnica, a coopera\u00e7\u00e3o entre os diferentes intervenientes e uma maior sensibiliza\u00e7\u00e3o da sociedade, definindo assim um roteiro claro para alargar a implementa\u00e7\u00e3o das SBN a longo prazo.<\/p>\n<h3>Qual ser\u00e1 a contribui\u00e7\u00e3o do SOLLAGUA ap\u00f3s o fim do projeto em termos cient\u00edficos, sociais e econ\u00f3micos?<\/h3>\n<p>Quando o projeto SOLLAGUA chegar ao fim, <strong>a sua principal mais-valia ter\u00e1 sido demonstrar, de forma pr\u00e1tica e pr\u00f3xima do territ\u00f3rio, que \u00e9 poss\u00edvel gerir a \u00e1gua de maneira mais sustent\u00e1vel e ajustada \u00e0 realidade das zonas rurais<\/strong>. N\u00e3o se tratar\u00e1 apenas de estudos te\u00f3ricos, mas de experi\u00eancias concretas em que se ter\u00e1 comprovado como as Solu\u00e7\u00f5es Baseadas na Natureza (SBN) podem permitir a reutiliza\u00e7\u00e3o de \u00e1guas residuais de forma segura, eficiente e em conformidade com a regulamenta\u00e7\u00e3o europeia. Para entidades como a AMAYA, isto significar\u00e1 dispor de ferramentas e conhecimentos mais s\u00f3lidos para planear e gerir a \u00e1gua segundo crit\u00e9rios inovadores e sustent\u00e1veis.<\/p>\n<p>No plano social, o projeto contribuir\u00e1 para que as comunidades rurais se sintam mais preparadas face \u00e0 escassez de \u00e1gua e aos efeitos das altera\u00e7\u00f5es clim\u00e1ticas. Ao envolver administra\u00e7\u00f5es p\u00fablicas, universidades, empresas e cidad\u00e3os atrav\u00e9s da abordagem Living Lab, o SOLLAGUA ter\u00e1 promovido a colabora\u00e7\u00e3o e a participa\u00e7\u00e3o ativa na procura de solu\u00e7\u00f5es. Al\u00e9m disso, ajudar\u00e1 a transformar a perce\u00e7\u00e3o sobre a reutiliza\u00e7\u00e3o da \u00e1gua, o que poder\u00e1 traduzir-se em comunidades mais conscientes, coesas e resilientes.<\/p>\n<p>Do ponto de vista econ\u00f3mico, o SOLLAGUA poder\u00e1 gerar novas oportunidades para empresas ligadas \u00e0s tecnologias verdes e \u00e0 gest\u00e3o ambiental.<\/p>\n<p>Em suma, o projeto n\u00e3o se limitar\u00e1 a apresentar solu\u00e7\u00f5es t\u00e9cnicas, mas deixar\u00e1 uma base s\u00f3lida para avan\u00e7ar rumo a uma gest\u00e3o da \u00e1gua mais sustent\u00e1vel, especialmente nas regi\u00f5es que mais dela necessitam.<\/p>\n<h3>Segue-nos!<\/h3>\n<p><a href=\"https:\/\/x.com\/SOLLAGUAproject\" target=\"_blank\" rel=\"noopener\">@SOLLAGUAproject<\/a><br \/>\n<a href=\"https:\/\/www.linkedin.com\/company\/sollagua\/\" target=\"_blank\" rel=\"noopener\">SOLLAGUA \u2013 Interreg Sudoe<\/a><br \/>\n<a href=\"https:\/\/youtube.com\/@sollagua-interregsudoe?feature=shared\" target=\"_blank\" rel=\"noopener\">@SOLLAGUA-InterregSUDOE<\/a><br \/>\n<a href=\"https:\/\/interreg-sudoe.us10.list-manage.com\/subscribe?u=60ffcf8525d3ee06a7d7af108&amp;id=17557fa396\" target=\"_blank\" rel=\"noopener\">SOLLAGUA Newsletter<\/a><\/p>\n","protected":false},"excerpt":{"rendered":"<p>Esta sec\u00e7\u00e3o tem por objetivo apresentar cada benefici\u00e1rio, explicar o seu setor e descrever o seu trabalho no \u00e2mbito do projeto. Hoje \u00e9 a vez de Khalid Fahd Draissi, da AMAYA \u2013 Ag\u00eancia de Meio Ambiente e \u00c1gua da Andaluzia. O que \u00e9 a AMAYA? A Ag\u00eancia de Meio Ambiente e \u00c1gua da Andaluzia (AMAYA) [&hellip;]<\/p>\n","protected":false},"author":5002,"featured_media":61102,"parent":0,"template":"","meta":{"_acf_changed":false,"content-type":"","_monsterinsights_skip_tracking":false,"_monsterinsights_sitenote_active":false,"_monsterinsights_sitenote_note":"","_monsterinsights_sitenote_category":0},"class_list":["post-61101","noticia-proyecto","type-noticia-proyecto","status-publish","has-post-thumbnail","hentry"],"acf":[],"yoast_head":"<!-- This site is optimized with the Yoast SEO plugin v27.0 - https:\/\/yoast.com\/product\/yoast-seo-wordpress\/ -->\n<title>Entrevista: 10 perguntas \u00e0 AMAYA - Interreg Sudoe<\/title>\n<meta name=\"robots\" content=\"index, follow, max-snippet:-1, max-image-preview:large, max-video-preview:-1\" \/>\n<link rel=\"canonical\" href=\"https:\/\/staging.interreg.eurocastaliahost4.com\/pt-pt\/noticia-proyecto\/entrevista-10-perguntas-para-a-amaya\/\" \/>\n<meta property=\"og:locale\" content=\"pt_PT\" \/>\n<meta property=\"og:type\" content=\"article\" \/>\n<meta property=\"og:title\" content=\"Entrevista: 10 perguntas \u00e0 AMAYA - Interreg Sudoe\" \/>\n<meta property=\"og:description\" content=\"Esta sec\u00e7\u00e3o tem por objetivo apresentar cada benefici\u00e1rio, explicar o seu setor e descrever o seu trabalho no \u00e2mbito do projeto. Hoje \u00e9 a vez de Khalid Fahd Draissi, da AMAYA \u2013 Ag\u00eancia de Meio Ambiente e \u00c1gua da Andaluzia. O que \u00e9 a AMAYA? A Ag\u00eancia de Meio Ambiente e \u00c1gua da Andaluzia (AMAYA) [&hellip;]\" \/>\n<meta property=\"og:url\" content=\"https:\/\/staging.interreg.eurocastaliahost4.com\/pt-pt\/noticia-proyecto\/entrevista-10-perguntas-para-a-amaya\/\" \/>\n<meta property=\"og:site_name\" content=\"Interreg Sudoe\" \/>\n<meta property=\"article:publisher\" content=\"https:\/\/www.facebook.com\/interregsudoe\" \/>\n<meta property=\"article:modified_time\" content=\"2026-03-23T11:38:17+00:00\" \/>\n<meta property=\"og:image\" content=\"https:\/\/staging.interreg.eurocastaliahost4.com\/wp-content\/uploads\/2026\/02\/AMAYA-ENTREVISTA.png\" \/>\n\t<meta property=\"og:image:width\" content=\"1919\" \/>\n\t<meta property=\"og:image:height\" content=\"1079\" \/>\n\t<meta property=\"og:image:type\" content=\"image\/png\" \/>\n<meta name=\"twitter:card\" content=\"summary_large_image\" \/>\n<meta name=\"twitter:site\" content=\"@Sudoe5\" \/>\n<meta name=\"twitter:label1\" content=\"Tempo estimado de leitura\" \/>\n\t<meta name=\"twitter:data1\" content=\"11 minutos\" \/>\n<script type=\"application\/ld+json\" class=\"yoast-schema-graph\">{\"@context\":\"https:\/\/schema.org\",\"@graph\":[{\"@type\":\"WebPage\",\"@id\":\"https:\/\/staging.interreg.eurocastaliahost4.com\/pt-pt\/noticia-proyecto\/entrevista-10-perguntas-para-a-amaya\/\",\"url\":\"https:\/\/staging.interreg.eurocastaliahost4.com\/pt-pt\/noticia-proyecto\/entrevista-10-perguntas-para-a-amaya\/\",\"name\":\"Entrevista: 10 perguntas \u00e0 AMAYA - Interreg Sudoe\",\"isPartOf\":{\"@id\":\"https:\/\/staging.interreg.eurocastaliahost4.com\/pt-pt\/#website\"},\"primaryImageOfPage\":{\"@id\":\"https:\/\/staging.interreg.eurocastaliahost4.com\/pt-pt\/noticia-proyecto\/entrevista-10-perguntas-para-a-amaya\/#primaryimage\"},\"image\":{\"@id\":\"https:\/\/staging.interreg.eurocastaliahost4.com\/pt-pt\/noticia-proyecto\/entrevista-10-perguntas-para-a-amaya\/#primaryimage\"},\"thumbnailUrl\":\"https:\/\/staging.interreg.eurocastaliahost4.com\/wp-content\/uploads\/2026\/02\/AMAYA-ENTREVISTA.png\",\"datePublished\":\"2026-02-17T10:53:07+00:00\",\"dateModified\":\"2026-03-23T11:38:17+00:00\",\"breadcrumb\":{\"@id\":\"https:\/\/staging.interreg.eurocastaliahost4.com\/pt-pt\/noticia-proyecto\/entrevista-10-perguntas-para-a-amaya\/#breadcrumb\"},\"inLanguage\":\"pt-PT\",\"potentialAction\":[{\"@type\":\"ReadAction\",\"target\":[\"https:\/\/staging.interreg.eurocastaliahost4.com\/pt-pt\/noticia-proyecto\/entrevista-10-perguntas-para-a-amaya\/\"]}]},{\"@type\":\"ImageObject\",\"inLanguage\":\"pt-PT\",\"@id\":\"https:\/\/staging.interreg.eurocastaliahost4.com\/pt-pt\/noticia-proyecto\/entrevista-10-perguntas-para-a-amaya\/#primaryimage\",\"url\":\"https:\/\/staging.interreg.eurocastaliahost4.com\/wp-content\/uploads\/2026\/02\/AMAYA-ENTREVISTA.png\",\"contentUrl\":\"https:\/\/staging.interreg.eurocastaliahost4.com\/wp-content\/uploads\/2026\/02\/AMAYA-ENTREVISTA.png\",\"width\":1919,\"height\":1079},{\"@type\":\"BreadcrumbList\",\"@id\":\"https:\/\/staging.interreg.eurocastaliahost4.com\/pt-pt\/noticia-proyecto\/entrevista-10-perguntas-para-a-amaya\/#breadcrumb\",\"itemListElement\":[{\"@type\":\"ListItem\",\"position\":1,\"name\":\"Home\",\"item\":\"https:\/\/staging.interreg.eurocastaliahost4.com\/pt-pt\/\"},{\"@type\":\"ListItem\",\"position\":2,\"name\":\"Entrevista: 10 perguntas \u00e0 AMAYA\"}]},{\"@type\":\"WebSite\",\"@id\":\"https:\/\/staging.interreg.eurocastaliahost4.com\/pt-pt\/#website\",\"url\":\"https:\/\/staging.interreg.eurocastaliahost4.com\/pt-pt\/\",\"name\":\"Interreg Sudoe\",\"description\":\"Interreg Sudoe\",\"publisher\":{\"@id\":\"https:\/\/staging.interreg.eurocastaliahost4.com\/pt-pt\/#organization\"},\"alternateName\":\"Interreg Sudoe\",\"potentialAction\":[{\"@type\":\"SearchAction\",\"target\":{\"@type\":\"EntryPoint\",\"urlTemplate\":\"https:\/\/staging.interreg.eurocastaliahost4.com\/pt-pt\/?s={search_term_string}\"},\"query-input\":{\"@type\":\"PropertyValueSpecification\",\"valueRequired\":true,\"valueName\":\"search_term_string\"}}],\"inLanguage\":\"pt-PT\"},{\"@type\":\"Organization\",\"@id\":\"https:\/\/staging.interreg.eurocastaliahost4.com\/pt-pt\/#organization\",\"name\":\"Interreg Sudoe\",\"alternateName\":\"Interreg Sudoe\",\"url\":\"https:\/\/staging.interreg.eurocastaliahost4.com\/pt-pt\/\",\"logo\":{\"@type\":\"ImageObject\",\"inLanguage\":\"pt-PT\",\"@id\":\"https:\/\/staging.interreg.eurocastaliahost4.com\/pt-pt\/#\/schema\/logo\/image\/\",\"url\":\"https:\/\/staging.interreg.eurocastaliahost4.com\/wp-content\/uploads\/2024\/03\/logo-interreg.png\",\"contentUrl\":\"https:\/\/staging.interreg.eurocastaliahost4.com\/wp-content\/uploads\/2024\/03\/logo-interreg.png\",\"width\":1200,\"height\":675,\"caption\":\"Interreg Sudoe\"},\"image\":{\"@id\":\"https:\/\/staging.interreg.eurocastaliahost4.com\/pt-pt\/#\/schema\/logo\/image\/\"},\"sameAs\":[\"https:\/\/www.facebook.com\/interregsudoe\",\"https:\/\/x.com\/Sudoe5\",\"https:\/\/www.youtube.com\/channel\/UCeGx2edoB32beRc9dbKA2vw\",\"https:\/\/www.linkedin.com\/company\/interreg-sudoe-programme\/\",\"https:\/\/www.flickr.com\/photos\/148704685@N06\/\"]}]}<\/script>\n<!-- \/ Yoast SEO plugin. -->","yoast_head_json":{"title":"Entrevista: 10 perguntas \u00e0 AMAYA - Interreg Sudoe","robots":{"index":"index","follow":"follow","max-snippet":"max-snippet:-1","max-image-preview":"max-image-preview:large","max-video-preview":"max-video-preview:-1"},"canonical":"https:\/\/staging.interreg.eurocastaliahost4.com\/pt-pt\/noticia-proyecto\/entrevista-10-perguntas-para-a-amaya\/","og_locale":"pt_PT","og_type":"article","og_title":"Entrevista: 10 perguntas \u00e0 AMAYA - Interreg Sudoe","og_description":"Esta sec\u00e7\u00e3o tem por objetivo apresentar cada benefici\u00e1rio, explicar o seu setor e descrever o seu trabalho no \u00e2mbito do projeto. Hoje \u00e9 a vez de Khalid Fahd Draissi, da AMAYA \u2013 Ag\u00eancia de Meio Ambiente e \u00c1gua da Andaluzia. O que \u00e9 a AMAYA? A Ag\u00eancia de Meio Ambiente e \u00c1gua da Andaluzia (AMAYA) [&hellip;]","og_url":"https:\/\/staging.interreg.eurocastaliahost4.com\/pt-pt\/noticia-proyecto\/entrevista-10-perguntas-para-a-amaya\/","og_site_name":"Interreg Sudoe","article_publisher":"https:\/\/www.facebook.com\/interregsudoe","article_modified_time":"2026-03-23T11:38:17+00:00","og_image":[{"width":1919,"height":1079,"url":"https:\/\/staging.interreg.eurocastaliahost4.com\/wp-content\/uploads\/2026\/02\/AMAYA-ENTREVISTA.png","type":"image\/png"}],"twitter_card":"summary_large_image","twitter_site":"@Sudoe5","twitter_misc":{"Tempo estimado de leitura":"11 minutos"},"schema":{"@context":"https:\/\/schema.org","@graph":[{"@type":"WebPage","@id":"https:\/\/staging.interreg.eurocastaliahost4.com\/pt-pt\/noticia-proyecto\/entrevista-10-perguntas-para-a-amaya\/","url":"https:\/\/staging.interreg.eurocastaliahost4.com\/pt-pt\/noticia-proyecto\/entrevista-10-perguntas-para-a-amaya\/","name":"Entrevista: 10 perguntas \u00e0 AMAYA - Interreg Sudoe","isPartOf":{"@id":"https:\/\/staging.interreg.eurocastaliahost4.com\/pt-pt\/#website"},"primaryImageOfPage":{"@id":"https:\/\/staging.interreg.eurocastaliahost4.com\/pt-pt\/noticia-proyecto\/entrevista-10-perguntas-para-a-amaya\/#primaryimage"},"image":{"@id":"https:\/\/staging.interreg.eurocastaliahost4.com\/pt-pt\/noticia-proyecto\/entrevista-10-perguntas-para-a-amaya\/#primaryimage"},"thumbnailUrl":"https:\/\/staging.interreg.eurocastaliahost4.com\/wp-content\/uploads\/2026\/02\/AMAYA-ENTREVISTA.png","datePublished":"2026-02-17T10:53:07+00:00","dateModified":"2026-03-23T11:38:17+00:00","breadcrumb":{"@id":"https:\/\/staging.interreg.eurocastaliahost4.com\/pt-pt\/noticia-proyecto\/entrevista-10-perguntas-para-a-amaya\/#breadcrumb"},"inLanguage":"pt-PT","potentialAction":[{"@type":"ReadAction","target":["https:\/\/staging.interreg.eurocastaliahost4.com\/pt-pt\/noticia-proyecto\/entrevista-10-perguntas-para-a-amaya\/"]}]},{"@type":"ImageObject","inLanguage":"pt-PT","@id":"https:\/\/staging.interreg.eurocastaliahost4.com\/pt-pt\/noticia-proyecto\/entrevista-10-perguntas-para-a-amaya\/#primaryimage","url":"https:\/\/staging.interreg.eurocastaliahost4.com\/wp-content\/uploads\/2026\/02\/AMAYA-ENTREVISTA.png","contentUrl":"https:\/\/staging.interreg.eurocastaliahost4.com\/wp-content\/uploads\/2026\/02\/AMAYA-ENTREVISTA.png","width":1919,"height":1079},{"@type":"BreadcrumbList","@id":"https:\/\/staging.interreg.eurocastaliahost4.com\/pt-pt\/noticia-proyecto\/entrevista-10-perguntas-para-a-amaya\/#breadcrumb","itemListElement":[{"@type":"ListItem","position":1,"name":"Home","item":"https:\/\/staging.interreg.eurocastaliahost4.com\/pt-pt\/"},{"@type":"ListItem","position":2,"name":"Entrevista: 10 perguntas \u00e0 AMAYA"}]},{"@type":"WebSite","@id":"https:\/\/staging.interreg.eurocastaliahost4.com\/pt-pt\/#website","url":"https:\/\/staging.interreg.eurocastaliahost4.com\/pt-pt\/","name":"Interreg Sudoe","description":"Interreg Sudoe","publisher":{"@id":"https:\/\/staging.interreg.eurocastaliahost4.com\/pt-pt\/#organization"},"alternateName":"Interreg Sudoe","potentialAction":[{"@type":"SearchAction","target":{"@type":"EntryPoint","urlTemplate":"https:\/\/staging.interreg.eurocastaliahost4.com\/pt-pt\/?s={search_term_string}"},"query-input":{"@type":"PropertyValueSpecification","valueRequired":true,"valueName":"search_term_string"}}],"inLanguage":"pt-PT"},{"@type":"Organization","@id":"https:\/\/staging.interreg.eurocastaliahost4.com\/pt-pt\/#organization","name":"Interreg Sudoe","alternateName":"Interreg Sudoe","url":"https:\/\/staging.interreg.eurocastaliahost4.com\/pt-pt\/","logo":{"@type":"ImageObject","inLanguage":"pt-PT","@id":"https:\/\/staging.interreg.eurocastaliahost4.com\/pt-pt\/#\/schema\/logo\/image\/","url":"https:\/\/staging.interreg.eurocastaliahost4.com\/wp-content\/uploads\/2024\/03\/logo-interreg.png","contentUrl":"https:\/\/staging.interreg.eurocastaliahost4.com\/wp-content\/uploads\/2024\/03\/logo-interreg.png","width":1200,"height":675,"caption":"Interreg Sudoe"},"image":{"@id":"https:\/\/staging.interreg.eurocastaliahost4.com\/pt-pt\/#\/schema\/logo\/image\/"},"sameAs":["https:\/\/www.facebook.com\/interregsudoe","https:\/\/x.com\/Sudoe5","https:\/\/www.youtube.com\/channel\/UCeGx2edoB32beRc9dbKA2vw","https:\/\/www.linkedin.com\/company\/interreg-sudoe-programme\/","https:\/\/www.flickr.com\/photos\/148704685@N06\/"]}]}},"_links":{"self":[{"href":"https:\/\/staging.interreg.eurocastaliahost4.com\/pt-pt\/wp-json\/wp\/v2\/noticia-proyecto\/61101","targetHints":{"allow":["GET"]}}],"collection":[{"href":"https:\/\/staging.interreg.eurocastaliahost4.com\/pt-pt\/wp-json\/wp\/v2\/noticia-proyecto"}],"about":[{"href":"https:\/\/staging.interreg.eurocastaliahost4.com\/pt-pt\/wp-json\/wp\/v2\/types\/noticia-proyecto"}],"author":[{"embeddable":true,"href":"https:\/\/staging.interreg.eurocastaliahost4.com\/pt-pt\/wp-json\/wp\/v2\/users\/5002"}],"wp:featuredmedia":[{"embeddable":true,"href":"https:\/\/staging.interreg.eurocastaliahost4.com\/pt-pt\/wp-json\/wp\/v2\/media\/61102"}],"wp:attachment":[{"href":"https:\/\/staging.interreg.eurocastaliahost4.com\/pt-pt\/wp-json\/wp\/v2\/media?parent=61101"}],"curies":[{"name":"wp","href":"https:\/\/api.w.org\/{rel}","templated":true}]}}