{"id":44157,"date":"2025-01-10T17:13:22","date_gmt":"2025-01-10T16:13:22","guid":{"rendered":"https:\/\/staging.interreg.eurocastaliahost4.com\/?post_type=noticia-proyecto&#038;p=44157"},"modified":"2026-02-16T16:21:31","modified_gmt":"2026-02-16T15:21:31","slug":"fashion-forward-impulsionando-a-transformacao-sustentavel-da-industria-da-moda-no-sudoeste-da-europa","status":"publish","type":"noticia-proyecto","link":"https:\/\/staging.interreg.eurocastaliahost4.com\/pt-pt\/noticia-proyecto\/fashion-forward-impulsionando-a-transformacao-sustentavel-da-industria-da-moda-no-sudoeste-da-europa\/","title":{"rendered":"Fashion Forward | Impulsionando a Transforma\u00e7\u00e3o Sustent\u00e1vel da Ind\u00fastria da Moda no Sudoeste da Europa"},"content":{"rendered":"<p style=\"text-align: justify;\">O inovador projeto Fashion Forward pretende transformar radicalmente a ind\u00fastria t\u00eaxtil do SUDOE, com um ambicioso plano para transformar os res\u00edduos p\u00f3s-consumo em oportunidades de design e sustentabilidade.<\/p>\n<p style=\"text-align: justify;\">A iniciativa, que conta com um or\u00e7amento de 1.553.248 euros, financiado a 75% por fundos FEDER, pretende envolver 115 empresas, 300 munic\u00edpios, 16 associa\u00e7\u00f5es de gest\u00e3o de res\u00edduos e 50 escolas durante o seu per\u00edodo de implementa\u00e7\u00e3o de 2,5 anos.O projeto, que decorrer\u00e1 de janeiro de 2024 a junho de 2026, tem como principal objetivo promover um modelo de moda mais circular, inteligente e digital, alinhado com os novos regulamentos europeus de sustentabilidade.<\/p>\n<p style=\"text-align: justify;\">Um cons\u00f3rcio internacional composto por entidades como a Euroregi\u00e3o Pirin\u00e9us-Mediterr\u00e2neo, a Coleo Recycling SL e o Centro Tecnol\u00f3gico das Ind\u00fastrias T\u00eaxteis Portuguesas ir\u00e1 liderar esta transforma\u00e7\u00e3o, com estrat\u00e9gias-chave que incluem a forma\u00e7\u00e3o dos actores da cadeia de valor t\u00eaxtil, a implementa\u00e7\u00e3o de tecnologias de triagem de res\u00edduos, o desenvolvimento de solu\u00e7\u00f5es de reciclagem e a cria\u00e7\u00e3o de novas fibras a partir de materiais descartados.<\/p>\n<p style=\"text-align: justify;\">Particularmente inovadora ser\u00e1 a metodologia de gamifica\u00e7\u00e3o que ser\u00e1 aplicada em 50 escolas para mudar mentalidades e educar sobre o impacto ambiental da ind\u00fastria da moda. Os territ\u00f3rios da Catalunha, Ilhas Baleares, Galiza, Occit\u00e2nia e Vale do Ave ser\u00e3o os primeiros a experimentar esta revolu\u00e7\u00e3o verde, com planos de a\u00e7\u00e3o locais concebidos para maximizar a reutiliza\u00e7\u00e3o de materiais t\u00eaxteis e reduzir a pegada ecol\u00f3gica do sector.<\/p>\n<p style=\"text-align: justify;\">O Fashion Forward tem como objetivo n\u00e3o s\u00f3 transformar os processos industriais, mas tamb\u00e9m sensibilizar para a import\u00e2ncia da economia circular na moda, posicionando o Sudoeste Europeu como uma regi\u00e3o pioneira em pr\u00e1ticas sustent\u00e1veis e inovadoras.<\/p>\n","protected":false},"excerpt":{"rendered":"<p>O inovador projeto Fashion Forward pretende transformar radicalmente a ind\u00fastria t\u00eaxtil do SUDOE, com um ambicioso plano para transformar os res\u00edduos p\u00f3s-consumo em oportunidades de design e sustentabilidade.<\/p>\n","protected":false},"author":6620,"featured_media":40571,"parent":0,"template":"","meta":{"_acf_changed":false,"content-type":"","_monsterinsights_skip_tracking":false,"_monsterinsights_sitenote_active":false,"_monsterinsights_sitenote_note":"","_monsterinsights_sitenote_category":0},"class_list":["post-44157","noticia-proyecto","type-noticia-proyecto","status-publish","has-post-thumbnail","hentry"],"acf":[],"yoast_head":"<!-- This site is optimized with the Yoast SEO plugin v27.0 - https:\/\/yoast.com\/product\/yoast-seo-wordpress\/ -->\n<title>Fashion Forward | Impulsionando a Transforma\u00e7\u00e3o Sustent\u00e1vel da Ind\u00fastria da Moda no Sudoeste da Europa - Interreg Sudoe<\/title>\n<meta name=\"robots\" content=\"index, follow, max-snippet:-1, max-image-preview:large, max-video-preview:-1\" \/>\n<link rel=\"canonical\" href=\"https:\/\/staging.interreg.eurocastaliahost4.com\/pt-pt\/noticia-proyecto\/fashion-forward-impulsionando-a-transformacao-sustentavel-da-industria-da-moda-no-sudoeste-da-europa\/\" \/>\n<meta property=\"og:locale\" content=\"pt_PT\" \/>\n<meta property=\"og:type\" content=\"article\" \/>\n<meta property=\"og:title\" content=\"Fashion Forward | Impulsionando a Transforma\u00e7\u00e3o Sustent\u00e1vel da Ind\u00fastria da Moda no Sudoeste da Europa - Interreg Sudoe\" \/>\n<meta property=\"og:description\" content=\"O inovador projeto Fashion Forward pretende transformar radicalmente a ind\u00fastria t\u00eaxtil do SUDOE, com um ambicioso plano para transformar os res\u00edduos p\u00f3s-consumo em oportunidades de design e sustentabilidade.\" \/>\n<meta property=\"og:url\" content=\"https:\/\/staging.interreg.eurocastaliahost4.com\/pt-pt\/noticia-proyecto\/fashion-forward-impulsionando-a-transformacao-sustentavel-da-industria-da-moda-no-sudoeste-da-europa\/\" \/>\n<meta property=\"og:site_name\" content=\"Interreg Sudoe\" \/>\n<meta property=\"article:publisher\" content=\"https:\/\/www.facebook.com\/interregsudoe\" \/>\n<meta property=\"article:modified_time\" content=\"2026-02-16T15:21:31+00:00\" \/>\n<meta property=\"og:image\" content=\"https:\/\/staging.interreg.eurocastaliahost4.com\/wp-content\/uploads\/2024\/05\/Fashion-forward-poster-v2.png\" \/>\n\t<meta property=\"og:image:width\" content=\"1920\" \/>\n\t<meta property=\"og:image:height\" content=\"1080\" \/>\n\t<meta property=\"og:image:type\" content=\"image\/png\" \/>\n<meta name=\"twitter:card\" content=\"summary_large_image\" \/>\n<meta name=\"twitter:site\" content=\"@Sudoe5\" \/>\n<meta name=\"twitter:label1\" content=\"Tempo estimado de leitura\" \/>\n\t<meta name=\"twitter:data1\" content=\"2 minutos\" \/>\n<script type=\"application\/ld+json\" class=\"yoast-schema-graph\">{\"@context\":\"https:\/\/schema.org\",\"@graph\":[{\"@type\":\"WebPage\",\"@id\":\"https:\/\/staging.interreg.eurocastaliahost4.com\/pt-pt\/noticia-proyecto\/fashion-forward-impulsionando-a-transformacao-sustentavel-da-industria-da-moda-no-sudoeste-da-europa\/\",\"url\":\"https:\/\/staging.interreg.eurocastaliahost4.com\/pt-pt\/noticia-proyecto\/fashion-forward-impulsionando-a-transformacao-sustentavel-da-industria-da-moda-no-sudoeste-da-europa\/\",\"name\":\"Fashion Forward | Impulsionando a Transforma\u00e7\u00e3o Sustent\u00e1vel da Ind\u00fastria da Moda no Sudoeste da Europa - Interreg Sudoe\",\"isPartOf\":{\"@id\":\"https:\/\/staging.interreg.eurocastaliahost4.com\/pt-pt\/#website\"},\"primaryImageOfPage\":{\"@id\":\"https:\/\/staging.interreg.eurocastaliahost4.com\/pt-pt\/noticia-proyecto\/fashion-forward-impulsionando-a-transformacao-sustentavel-da-industria-da-moda-no-sudoeste-da-europa\/#primaryimage\"},\"image\":{\"@id\":\"https:\/\/staging.interreg.eurocastaliahost4.com\/pt-pt\/noticia-proyecto\/fashion-forward-impulsionando-a-transformacao-sustentavel-da-industria-da-moda-no-sudoeste-da-europa\/#primaryimage\"},\"thumbnailUrl\":\"https:\/\/staging.interreg.eurocastaliahost4.com\/wp-content\/uploads\/2024\/05\/Fashion-forward-poster-v2.png\",\"datePublished\":\"2025-01-10T16:13:22+00:00\",\"dateModified\":\"2026-02-16T15:21:31+00:00\",\"breadcrumb\":{\"@id\":\"https:\/\/staging.interreg.eurocastaliahost4.com\/pt-pt\/noticia-proyecto\/fashion-forward-impulsionando-a-transformacao-sustentavel-da-industria-da-moda-no-sudoeste-da-europa\/#breadcrumb\"},\"inLanguage\":\"pt-PT\",\"potentialAction\":[{\"@type\":\"ReadAction\",\"target\":[\"https:\/\/staging.interreg.eurocastaliahost4.com\/pt-pt\/noticia-proyecto\/fashion-forward-impulsionando-a-transformacao-sustentavel-da-industria-da-moda-no-sudoeste-da-europa\/\"]}]},{\"@type\":\"ImageObject\",\"inLanguage\":\"pt-PT\",\"@id\":\"https:\/\/staging.interreg.eurocastaliahost4.com\/pt-pt\/noticia-proyecto\/fashion-forward-impulsionando-a-transformacao-sustentavel-da-industria-da-moda-no-sudoeste-da-europa\/#primaryimage\",\"url\":\"https:\/\/staging.interreg.eurocastaliahost4.com\/wp-content\/uploads\/2024\/05\/Fashion-forward-poster-v2.png\",\"contentUrl\":\"https:\/\/staging.interreg.eurocastaliahost4.com\/wp-content\/uploads\/2024\/05\/Fashion-forward-poster-v2.png\",\"width\":1920,\"height\":1080},{\"@type\":\"BreadcrumbList\",\"@id\":\"https:\/\/staging.interreg.eurocastaliahost4.com\/pt-pt\/noticia-proyecto\/fashion-forward-impulsionando-a-transformacao-sustentavel-da-industria-da-moda-no-sudoeste-da-europa\/#breadcrumb\",\"itemListElement\":[{\"@type\":\"ListItem\",\"position\":1,\"name\":\"Home\",\"item\":\"https:\/\/staging.interreg.eurocastaliahost4.com\/pt-pt\/\"},{\"@type\":\"ListItem\",\"position\":2,\"name\":\"Fashion Forward | Impulsionando a Transforma\u00e7\u00e3o Sustent\u00e1vel da Ind\u00fastria da Moda no Sudoeste da Europa\"}]},{\"@type\":\"WebSite\",\"@id\":\"https:\/\/staging.interreg.eurocastaliahost4.com\/pt-pt\/#website\",\"url\":\"https:\/\/staging.interreg.eurocastaliahost4.com\/pt-pt\/\",\"name\":\"Interreg Sudoe\",\"description\":\"Interreg Sudoe\",\"publisher\":{\"@id\":\"https:\/\/staging.interreg.eurocastaliahost4.com\/pt-pt\/#organization\"},\"alternateName\":\"Interreg Sudoe\",\"potentialAction\":[{\"@type\":\"SearchAction\",\"target\":{\"@type\":\"EntryPoint\",\"urlTemplate\":\"https:\/\/staging.interreg.eurocastaliahost4.com\/pt-pt\/?s={search_term_string}\"},\"query-input\":{\"@type\":\"PropertyValueSpecification\",\"valueRequired\":true,\"valueName\":\"search_term_string\"}}],\"inLanguage\":\"pt-PT\"},{\"@type\":\"Organization\",\"@id\":\"https:\/\/staging.interreg.eurocastaliahost4.com\/pt-pt\/#organization\",\"name\":\"Interreg Sudoe\",\"alternateName\":\"Interreg Sudoe\",\"url\":\"https:\/\/staging.interreg.eurocastaliahost4.com\/pt-pt\/\",\"logo\":{\"@type\":\"ImageObject\",\"inLanguage\":\"pt-PT\",\"@id\":\"https:\/\/staging.interreg.eurocastaliahost4.com\/pt-pt\/#\/schema\/logo\/image\/\",\"url\":\"https:\/\/staging.interreg.eurocastaliahost4.com\/wp-content\/uploads\/2024\/03\/logo-interreg.png\",\"contentUrl\":\"https:\/\/staging.interreg.eurocastaliahost4.com\/wp-content\/uploads\/2024\/03\/logo-interreg.png\",\"width\":1200,\"height\":675,\"caption\":\"Interreg Sudoe\"},\"image\":{\"@id\":\"https:\/\/staging.interreg.eurocastaliahost4.com\/pt-pt\/#\/schema\/logo\/image\/\"},\"sameAs\":[\"https:\/\/www.facebook.com\/interregsudoe\",\"https:\/\/x.com\/Sudoe5\",\"https:\/\/www.youtube.com\/channel\/UCeGx2edoB32beRc9dbKA2vw\",\"https:\/\/www.linkedin.com\/company\/interreg-sudoe-programme\/\",\"https:\/\/www.flickr.com\/photos\/148704685@N06\/\"]}]}<\/script>\n<!-- \/ Yoast SEO plugin. -->","yoast_head_json":{"title":"Fashion Forward | Impulsionando a Transforma\u00e7\u00e3o Sustent\u00e1vel da Ind\u00fastria da Moda no Sudoeste da Europa - Interreg Sudoe","robots":{"index":"index","follow":"follow","max-snippet":"max-snippet:-1","max-image-preview":"max-image-preview:large","max-video-preview":"max-video-preview:-1"},"canonical":"https:\/\/staging.interreg.eurocastaliahost4.com\/pt-pt\/noticia-proyecto\/fashion-forward-impulsionando-a-transformacao-sustentavel-da-industria-da-moda-no-sudoeste-da-europa\/","og_locale":"pt_PT","og_type":"article","og_title":"Fashion Forward | Impulsionando a Transforma\u00e7\u00e3o Sustent\u00e1vel da Ind\u00fastria da Moda no Sudoeste da Europa - Interreg Sudoe","og_description":"O inovador projeto Fashion Forward pretende transformar radicalmente a ind\u00fastria t\u00eaxtil do SUDOE, com um ambicioso plano para transformar os res\u00edduos p\u00f3s-consumo em oportunidades de design e sustentabilidade.","og_url":"https:\/\/staging.interreg.eurocastaliahost4.com\/pt-pt\/noticia-proyecto\/fashion-forward-impulsionando-a-transformacao-sustentavel-da-industria-da-moda-no-sudoeste-da-europa\/","og_site_name":"Interreg Sudoe","article_publisher":"https:\/\/www.facebook.com\/interregsudoe","article_modified_time":"2026-02-16T15:21:31+00:00","og_image":[{"width":1920,"height":1080,"url":"https:\/\/staging.interreg.eurocastaliahost4.com\/wp-content\/uploads\/2024\/05\/Fashion-forward-poster-v2.png","type":"image\/png"}],"twitter_card":"summary_large_image","twitter_site":"@Sudoe5","twitter_misc":{"Tempo estimado de leitura":"2 minutos"},"schema":{"@context":"https:\/\/schema.org","@graph":[{"@type":"WebPage","@id":"https:\/\/staging.interreg.eurocastaliahost4.com\/pt-pt\/noticia-proyecto\/fashion-forward-impulsionando-a-transformacao-sustentavel-da-industria-da-moda-no-sudoeste-da-europa\/","url":"https:\/\/staging.interreg.eurocastaliahost4.com\/pt-pt\/noticia-proyecto\/fashion-forward-impulsionando-a-transformacao-sustentavel-da-industria-da-moda-no-sudoeste-da-europa\/","name":"Fashion Forward | Impulsionando a Transforma\u00e7\u00e3o Sustent\u00e1vel da Ind\u00fastria da Moda no Sudoeste da Europa - Interreg Sudoe","isPartOf":{"@id":"https:\/\/staging.interreg.eurocastaliahost4.com\/pt-pt\/#website"},"primaryImageOfPage":{"@id":"https:\/\/staging.interreg.eurocastaliahost4.com\/pt-pt\/noticia-proyecto\/fashion-forward-impulsionando-a-transformacao-sustentavel-da-industria-da-moda-no-sudoeste-da-europa\/#primaryimage"},"image":{"@id":"https:\/\/staging.interreg.eurocastaliahost4.com\/pt-pt\/noticia-proyecto\/fashion-forward-impulsionando-a-transformacao-sustentavel-da-industria-da-moda-no-sudoeste-da-europa\/#primaryimage"},"thumbnailUrl":"https:\/\/staging.interreg.eurocastaliahost4.com\/wp-content\/uploads\/2024\/05\/Fashion-forward-poster-v2.png","datePublished":"2025-01-10T16:13:22+00:00","dateModified":"2026-02-16T15:21:31+00:00","breadcrumb":{"@id":"https:\/\/staging.interreg.eurocastaliahost4.com\/pt-pt\/noticia-proyecto\/fashion-forward-impulsionando-a-transformacao-sustentavel-da-industria-da-moda-no-sudoeste-da-europa\/#breadcrumb"},"inLanguage":"pt-PT","potentialAction":[{"@type":"ReadAction","target":["https:\/\/staging.interreg.eurocastaliahost4.com\/pt-pt\/noticia-proyecto\/fashion-forward-impulsionando-a-transformacao-sustentavel-da-industria-da-moda-no-sudoeste-da-europa\/"]}]},{"@type":"ImageObject","inLanguage":"pt-PT","@id":"https:\/\/staging.interreg.eurocastaliahost4.com\/pt-pt\/noticia-proyecto\/fashion-forward-impulsionando-a-transformacao-sustentavel-da-industria-da-moda-no-sudoeste-da-europa\/#primaryimage","url":"https:\/\/staging.interreg.eurocastaliahost4.com\/wp-content\/uploads\/2024\/05\/Fashion-forward-poster-v2.png","contentUrl":"https:\/\/staging.interreg.eurocastaliahost4.com\/wp-content\/uploads\/2024\/05\/Fashion-forward-poster-v2.png","width":1920,"height":1080},{"@type":"BreadcrumbList","@id":"https:\/\/staging.interreg.eurocastaliahost4.com\/pt-pt\/noticia-proyecto\/fashion-forward-impulsionando-a-transformacao-sustentavel-da-industria-da-moda-no-sudoeste-da-europa\/#breadcrumb","itemListElement":[{"@type":"ListItem","position":1,"name":"Home","item":"https:\/\/staging.interreg.eurocastaliahost4.com\/pt-pt\/"},{"@type":"ListItem","position":2,"name":"Fashion Forward | Impulsionando a Transforma\u00e7\u00e3o Sustent\u00e1vel da Ind\u00fastria da Moda no Sudoeste da Europa"}]},{"@type":"WebSite","@id":"https:\/\/staging.interreg.eurocastaliahost4.com\/pt-pt\/#website","url":"https:\/\/staging.interreg.eurocastaliahost4.com\/pt-pt\/","name":"Interreg Sudoe","description":"Interreg Sudoe","publisher":{"@id":"https:\/\/staging.interreg.eurocastaliahost4.com\/pt-pt\/#organization"},"alternateName":"Interreg Sudoe","potentialAction":[{"@type":"SearchAction","target":{"@type":"EntryPoint","urlTemplate":"https:\/\/staging.interreg.eurocastaliahost4.com\/pt-pt\/?s={search_term_string}"},"query-input":{"@type":"PropertyValueSpecification","valueRequired":true,"valueName":"search_term_string"}}],"inLanguage":"pt-PT"},{"@type":"Organization","@id":"https:\/\/staging.interreg.eurocastaliahost4.com\/pt-pt\/#organization","name":"Interreg Sudoe","alternateName":"Interreg Sudoe","url":"https:\/\/staging.interreg.eurocastaliahost4.com\/pt-pt\/","logo":{"@type":"ImageObject","inLanguage":"pt-PT","@id":"https:\/\/staging.interreg.eurocastaliahost4.com\/pt-pt\/#\/schema\/logo\/image\/","url":"https:\/\/staging.interreg.eurocastaliahost4.com\/wp-content\/uploads\/2024\/03\/logo-interreg.png","contentUrl":"https:\/\/staging.interreg.eurocastaliahost4.com\/wp-content\/uploads\/2024\/03\/logo-interreg.png","width":1200,"height":675,"caption":"Interreg Sudoe"},"image":{"@id":"https:\/\/staging.interreg.eurocastaliahost4.com\/pt-pt\/#\/schema\/logo\/image\/"},"sameAs":["https:\/\/www.facebook.com\/interregsudoe","https:\/\/x.com\/Sudoe5","https:\/\/www.youtube.com\/channel\/UCeGx2edoB32beRc9dbKA2vw","https:\/\/www.linkedin.com\/company\/interreg-sudoe-programme\/","https:\/\/www.flickr.com\/photos\/148704685@N06\/"]}]}},"_links":{"self":[{"href":"https:\/\/staging.interreg.eurocastaliahost4.com\/pt-pt\/wp-json\/wp\/v2\/noticia-proyecto\/44157","targetHints":{"allow":["GET"]}}],"collection":[{"href":"https:\/\/staging.interreg.eurocastaliahost4.com\/pt-pt\/wp-json\/wp\/v2\/noticia-proyecto"}],"about":[{"href":"https:\/\/staging.interreg.eurocastaliahost4.com\/pt-pt\/wp-json\/wp\/v2\/types\/noticia-proyecto"}],"author":[{"embeddable":true,"href":"https:\/\/staging.interreg.eurocastaliahost4.com\/pt-pt\/wp-json\/wp\/v2\/users\/6620"}],"wp:featuredmedia":[{"embeddable":true,"href":"https:\/\/staging.interreg.eurocastaliahost4.com\/pt-pt\/wp-json\/wp\/v2\/media\/40571"}],"wp:attachment":[{"href":"https:\/\/staging.interreg.eurocastaliahost4.com\/pt-pt\/wp-json\/wp\/v2\/media?parent=44157"}],"curies":[{"name":"wp","href":"https:\/\/api.w.org\/{rel}","templated":true}]}}